{"id":1046,"date":"2018-01-05T16:51:15","date_gmt":"2018-01-05T15:51:15","guid":{"rendered":"http:\/\/wkldiana.pl\/?p=1046"},"modified":"2018-01-05T16:57:56","modified_gmt":"2018-01-05T15:57:56","slug":"tekst-ustawy-przyjety-przez-senat","status":"publish","type":"post","link":"http:\/\/wkldiana.pl\/index.php\/2018\/01\/05\/tekst-ustawy-przyjety-przez-senat\/","title":{"rendered":"Tekst ustawy przyj\u0119ty przez Senat i podpisany przez Prezydenta RP"},"content":{"rendered":"<p style=\"text-align: center;\"><strong>Tekst ustawy przyj\u0119ty przez Senat bez poprawek i podpisany przez Prezydenta RP w dniu 03.01.2018 r., w cz\u0119\u015bci dotycz\u0105cej<br \/>\nustawy z dnia 13 pa\u017adziernika 1995 r. Prawo \u0141owieckie&nbsp;<\/strong><\/p>\n<p style=\"text-align: center;\"><strong>USTAWA&nbsp;<\/strong><\/p>\n<p style=\"text-align: center;\">z dnia 14 grudnia 2017 r.<\/p>\n<p style=\"text-align: center;\"><strong>o zmianie niekt\u00f3rych ustaw w celu u\u0142atwienia zwalczania chor\u00f3b zaka\u017anych zwierz\u0105t<a name=\"_ftnref1\"><\/a><a href=\"http:\/\/orka.sejm.gov.pl\/proc8.nsf\/ustawy\/2114_u.htm#_ftn1\"><sup>[1]<\/sup><\/a><\/strong><sup>)<\/sup><\/p>\n<p><!--more--><\/p>\n<p><strong>Art.&nbsp;2.<\/strong>&nbsp;W ustawie z dnia 13 pa\u017adziernika 1995 r. \u2013 Prawo \u0142owieckie (Dz. U. z 2017 r. poz.&nbsp;1295) wprowadza si\u0119 nast\u0119puj\u0105ce zmiany:<\/p>\n<p>1)&nbsp;&nbsp;&nbsp;&nbsp; w art. 8:<\/p>\n<ol>\n<li>a)&nbsp;&nbsp;&nbsp;&nbsp; ust. 2 otrzymuje brzmienie:<\/li>\n<\/ol>\n<p>\u201e2. Odstrza\u0142y redukcyjne zwierz\u0105t \u0142ownych w parkach narodowych i&nbsp;rezerwatach przyrody, o kt\u00f3rych mowa w przepisach o ochronie przyrody, odbywaj\u0105 si\u0119 na zasadach okre\u015blonych w ustawie oraz zgodnie z obowi\u0105zuj\u0105cymi okresami polowa\u0144, warunkami wykonywania polowa\u0144 i zasadami selekcji populacyjnej i osobniczej zwierz\u0105t \u0142ownych, o kt\u00f3rych mowa w art. 34 pkt 4.\u201d,<\/p>\n<ol>\n<li>b)&nbsp;&nbsp;&nbsp; po ust. 3e dodaje si\u0119 ust. 3f\u20133i w brzmieniu:<\/li>\n<\/ol>\n<p>\u201e3f. Zmian\u0119 rocznego planu \u0142owieckiego dopuszcza si\u0119 w przypadku:<\/p>\n<p>1)&nbsp;&nbsp;&nbsp;&nbsp; kl\u0119ski \u017cywio\u0142owej;<\/p>\n<p>2)&nbsp;&nbsp;&nbsp;&nbsp; istotnej zmiany liczebno\u015bci zwierzyny w obwodzie \u0142owieckim;<\/p>\n<p>3)&nbsp;&nbsp;&nbsp;&nbsp; zmiany granic obwodu \u0142owieckiego;<\/p>\n<p>4)&nbsp;&nbsp;&nbsp;&nbsp; zmiany dzier\u017cawcy albo zarz\u0105dcy obwodu \u0142owieckiego;<\/p>\n<p>5)&nbsp;&nbsp;&nbsp;&nbsp; wi\u0119kszej ni\u017c przewidywana w tym planie wielko\u015bci szk\u00f3d wyrz\u0105dzonych w&nbsp;uprawach i p\u0142odach rolnych przez dziki, \u0142osie, jelenie, daniele i sarny;<\/p>\n<p>6)&nbsp;&nbsp;&nbsp;&nbsp; wprowadzenia zmiany na li\u015bcie gatunk\u00f3w zwierzyny lub okre\u015blenia okresu polowa\u0144 na gatunek zwierzyny obj\u0119ty dotychczas ca\u0142oroczn\u0105 ochron\u0105;<\/p>\n<p>7)&nbsp;&nbsp;&nbsp;&nbsp; podejrzenia wyst\u0105pienia albo wyst\u0105pienia choroby zaka\u017anej zwierz\u0105t podlegaj\u0105cej obowi\u0105zkowi zwalczania na podstawie przepis\u00f3w ustawy z dnia 11 marca 2004 r. o ochronie zdrowia zwierz\u0105t oraz zwalczaniu chor\u00f3b zaka\u017anych zwierz\u0105t (Dz. U. z 2017 r. poz. 1855).<\/p>\n<p>3g. Zmian\u0119 wieloletniego \u0142owieckiego planu hodowlanego dopuszcza si\u0119 w&nbsp;przypadku:<\/p>\n<p>1)&nbsp;&nbsp;&nbsp;&nbsp; kl\u0119ski \u017cywio\u0142owej;<\/p>\n<p>2)&nbsp;&nbsp;&nbsp;&nbsp; zmiany granic rejonu hodowlanego lub obwodu \u0142owieckiego wchodz\u0105cego w&nbsp;sk\u0142ad tego rejonu;<\/p>\n<p>3)&nbsp;&nbsp;&nbsp;&nbsp; istotnej zmiany liczebno\u015bci zwierz\u0105t \u0142ownych w rejonie hodowlanym;<\/p>\n<p>4)&nbsp;&nbsp;&nbsp;&nbsp; istotnej zmiany charakteru u\u017cytkowania grunt\u00f3w;<\/p>\n<p>5)&nbsp;&nbsp;&nbsp;&nbsp; wprowadzenia zmiany na li\u015bcie gatunk\u00f3w zwierz\u0105t \u0142ownych lub okre\u015blenia okresu polowa\u0144 na gatunek zwierz\u0119cia \u0142ownego obj\u0119ty dotychczas ca\u0142oroczn\u0105 ochron\u0105;<\/p>\n<p>6)&nbsp;&nbsp;&nbsp;&nbsp; podejrzenia wyst\u0105pienia albo wyst\u0105pienia choroby zaka\u017anej zwierz\u0105t podlegaj\u0105cej obowi\u0105zkowi zwalczania na podstawie przepis\u00f3w ustawy z dnia 11 marca 2004 r. o ochronie zdrowia zwierz\u0105t oraz zwalczaniu chor\u00f3b zaka\u017anych zwierz\u0105t.<\/p>\n<p>3h. Zmiana rocznego planu \u0142owieckiego i wieloletniego \u0142owieckiego planu hodowlanego w przypadku, o kt\u00f3rym mowa odpowiednio w ust. 3f pkt 7 i ust.&nbsp;3g pkt 6, wymaga zasi\u0119gni\u0119cia opinii w\u0142a\u015bciwego powiatowego lekarza weterynarii.<\/p>\n<p>3i. Do zmiany rocznego planu \u0142owieckiego przepisy ust. 3a\u20133d stosuje si\u0119 odpowiednio.<\/p>\n<p>3j. Do zmiany wieloletnich \u0142owieckich plan\u00f3w hodowlanych przepis ust.&nbsp;3e stosuje si\u0119 odpowiednio.\u201d;<\/p>\n<p>2)&nbsp;&nbsp;&nbsp;&nbsp; w art. 11 ust. 3 otrzymuje brzmienie:<\/p>\n<p>\u201e3. Dzier\u017cawcy i zarz\u0105dcy obwod\u00f3w \u0142owieckich, w\u00f3jtowie (burmistrzowie, prezydenci miast) i nadle\u015bniczowie Pa\u0144stwowego Gospodarstwa Le\u015bnego Lasy Pa\u0144stwowe wsp\u00f3\u0142dzia\u0142aj\u0105 ze sob\u0105 oraz z w\u0142a\u015bcicielami, posiadaczami i zarz\u0105dcami grunt\u00f3w w sprawach zwi\u0105zanych ze zwalczaniem chor\u00f3b zaka\u017anych zwierz\u0105t podlegaj\u0105cych obowi\u0105zkowi zwalczania na podstawie przepis\u00f3w ustawy z dnia 11&nbsp;marca 2004 r. o ochronie zdrowia zwierz\u0105t oraz zwalczaniu chor\u00f3b zaka\u017anych zwierz\u0105t, oraz z zagospodarowaniem obwod\u00f3w \u0142owieckich, w szczeg\u00f3lno\u015bci w zakresie ochrony i hodowli zwierzyny.\u201d;<\/p>\n<p>3)&nbsp;&nbsp;&nbsp;&nbsp; art. 13 otrzymuje brzmienie:<\/p>\n<p>\u201eArt. 13. Dzier\u017cawcy i zarz\u0105dcy obwod\u00f3w \u0142owieckich mog\u0105 dokarmia\u0107 zwierzyn\u0119, po uzgodnieniu miejsca wyk\u0142adania karmy z w\u0142a\u015bcicielem, posiadaczem lub zarz\u0105dc\u0105 gruntu, je\u017celi dzia\u0142anie to nie stwarza zagro\u017cenia epizootycznego.\u201d;<\/p>\n<p>4)&nbsp;&nbsp;&nbsp;&nbsp; w art. 29 ust. 2 otrzymuje brzmienie:<\/p>\n<p>\u201e2. Obwody \u0142owieckie wydzier\u017cawia si\u0119 na czas nie kr\u00f3tszy ni\u017c 10 lat.\u201d;<\/p>\n<p>5)&nbsp;&nbsp;&nbsp;&nbsp; w art. 29a po ust. 2 dodaje si\u0119 ust. 2a\u20132c w brzmieniu:<\/p>\n<p>\u201e2a. Wydzier\u017cawiaj\u0105cy mo\u017ce wypowiedzie\u0107 umow\u0119 dzier\u017cawy bez zachowania termin\u00f3w wypowiedzenia:<\/p>\n<p>1)&nbsp;&nbsp;&nbsp;&nbsp; po zasi\u0119gni\u0119ciu opinii Polskiego Zwi\u0105zku \u0141owieckiego albo na wniosek Polskiego Zwi\u0105zku \u0141owieckiego \u2013 w przypadku nieusprawiedliwionego niezrealizowania przez dzier\u017cawc\u0119 obwodu \u0142owieckiego rocznego planu \u0142owieckiego na poziomie co najmniej 80% okre\u015blonej w tym planie minimalnej liczby zwierzyny grubej do pozyskania, w ka\u017cdym z trzech nast\u0119puj\u0105cych po sobie \u0142owieckich lat gospodarczych;<\/p>\n<p>2)&nbsp;&nbsp;&nbsp;&nbsp; na wniosek Polskiego Zwi\u0105zku \u0141owieckiego \u2013 w przypadku negatywnej oceny prowadzenia gospodarki \u0142owieckiej przez dzier\u017cawc\u0119 obwodu \u0142owieckiego, wynikaj\u0105cej z post\u0119powania kontrolnego przeprowadzonego przez Polski Zwi\u0105zek \u0141owiecki na podstawie statutu.<\/p>\n<p>2b. Brak przedstawienia przez Polski Zwi\u0105zek \u0141owiecki opinii, o kt\u00f3rej mowa w&nbsp;ust. 2a pkt 1, w terminie 14 dni od dnia otrzymania wyst\u0105pienia o opini\u0119 uznaje si\u0119 za wyra\u017cenie pozytywnej opinii.<\/p>\n<p>2c. Opinii, o kt\u00f3rej mowa w ust. 2a pkt 1, nie zasi\u0119ga si\u0119 w przypadku, gdy dzier\u017cawc\u0105 obwodu \u0142owieckiego jest Polski Zwi\u0105zek \u0141owiecki.\u201d;<\/p>\n<p>6)&nbsp;&nbsp;&nbsp;&nbsp; w art. 45 ust. 3 otrzymuje brzmienie:<\/p>\n<p>\u201e3. W przypadku szczeg\u00f3lnego zagro\u017cenia w prawid\u0142owym funkcjonowaniu obiekt\u00f3w produkcyjnych i u\u017cyteczno\u015bci publicznej przez zwierzyn\u0119, starosta, w&nbsp;porozumieniu z Polskim Zwi\u0105zkiem \u0141owieckim, mo\u017ce wyda\u0107 decyzj\u0119 o od\u0142owie, od\u0142owie wraz z u\u015bmierceniem lub odstrzale redukcyjnym zwierzyny.\u201d;<\/p>\n<p>7)&nbsp;&nbsp;&nbsp;&nbsp; w art. 51 w ust. 1 w pkt 7 na ko\u0144cu dodaje si\u0119 przecinek i dodaje si\u0119 pkt 8 w brzmieniu:<\/p>\n<p>\u201e8)&nbsp;&nbsp; umy\u015blnie utrudnia lub uniemo\u017cliwia wykonywanie polowania\u201d.<\/p>\n<p style=\"text-align: center;\"><a href=\"http:\/\/orka.sejm.gov.pl\/proc8.nsf\/ustawy\/2114_u.htm\">Ca\u0142y tekst dost\u0119pny TUTAJ -&gt;<\/a><\/p>\n<p>&nbsp;<\/p>\n","protected":false},"excerpt":{"rendered":"<p>Tekst ustawy przyj\u0119ty przez Senat bez poprawek i podpisany przez Prezydenta RP w dniu 03.01.2018 r., w cz\u0119\u015bci dotycz\u0105cej ustawy z dnia 13 pa\u017adziernika 1995 r. Prawo \u0141owieckie&nbsp; USTAWA&nbsp; z dnia 14 grudnia 2017 r. o zmianie niekt\u00f3rych ustaw w celu u\u0142atwienia zwalczania chor\u00f3b zaka\u017anych zwierz\u0105t[1])<\/p>\n","protected":false},"author":2,"featured_media":0,"comment_status":"closed","ping_status":"open","sticky":false,"template":"","format":"standard","meta":{"ngg_post_thumbnail":0,"footnotes":""},"categories":[1],"tags":[],"class_list":["post-1046","post","type-post","status-publish","format-standard","hentry","category-akt"],"yoast_head":"<!-- This site is optimized with the Yoast SEO plugin v27.5 - https:\/\/yoast.com\/product\/yoast-seo-wordpress\/ -->\n<title>Tekst ustawy przyj\u0119ty przez Senat i podpisany przez Prezydenta RP - Wojskowe Ko\u0142o \u0141owieckie nr 297 &quot;Diana&quot; w Gdyni<\/title>\n<meta name=\"robots\" content=\"index, follow, max-snippet:-1, max-image-preview:large, max-video-preview:-1\" \/>\n<link rel=\"canonical\" href=\"http:\/\/wkldiana.pl\/index.php\/2018\/01\/05\/tekst-ustawy-przyjety-przez-senat\/\" \/>\n<meta property=\"og:locale\" content=\"pl_PL\" \/>\n<meta property=\"og:type\" content=\"article\" \/>\n<meta property=\"og:title\" content=\"Tekst ustawy przyj\u0119ty przez Senat i podpisany przez Prezydenta RP - Wojskowe Ko\u0142o \u0141owieckie nr 297 &quot;Diana&quot; w Gdyni\" \/>\n<meta property=\"og:description\" content=\"Tekst ustawy przyj\u0119ty przez Senat bez poprawek i podpisany przez Prezydenta RP w dniu 03.01.2018 r., w cz\u0119\u015bci dotycz\u0105cej ustawy z dnia 13 pa\u017adziernika 1995 r. Prawo \u0141owieckie&nbsp; USTAWA&nbsp; z dnia 14 grudnia 2017 r. o zmianie niekt\u00f3rych ustaw w celu u\u0142atwienia zwalczania chor\u00f3b zaka\u017anych zwierz\u0105t[1])\" \/>\n<meta property=\"og:url\" content=\"http:\/\/wkldiana.pl\/index.php\/2018\/01\/05\/tekst-ustawy-przyjety-przez-senat\/\" \/>\n<meta property=\"og:site_name\" content=\"Wojskowe Ko\u0142o \u0141owieckie nr 297 &quot;Diana&quot; w Gdyni\" \/>\n<meta property=\"article:published_time\" content=\"2018-01-05T15:51:15+00:00\" \/>\n<meta property=\"article:modified_time\" content=\"2018-01-05T15:57:56+00:00\" \/>\n<meta name=\"author\" content=\"\u0141ukasz Szadura\" \/>\n<meta name=\"twitter:card\" content=\"summary_large_image\" \/>\n<meta name=\"twitter:label1\" content=\"Napisane przez\" \/>\n\t<meta name=\"twitter:data1\" content=\"\u0141ukasz Szadura\" \/>\n\t<meta name=\"twitter:label2\" content=\"Szacowany czas czytania\" \/>\n\t<meta name=\"twitter:data2\" content=\"5 minut\" \/>\n<script type=\"application\/ld+json\" class=\"yoast-schema-graph\">{\"@context\":\"https:\\\/\\\/schema.org\",\"@graph\":[{\"@type\":\"Article\",\"@id\":\"http:\\\/\\\/wkldiana.pl\\\/index.php\\\/2018\\\/01\\\/05\\\/tekst-ustawy-przyjety-przez-senat\\\/#article\",\"isPartOf\":{\"@id\":\"http:\\\/\\\/wkldiana.pl\\\/index.php\\\/2018\\\/01\\\/05\\\/tekst-ustawy-przyjety-przez-senat\\\/\"},\"author\":{\"name\":\"\u0141ukasz Szadura\",\"@id\":\"https:\\\/\\\/wkldiana.pl\\\/#\\\/schema\\\/person\\\/df0daab7010f64aede5c60ccb0e361f7\"},\"headline\":\"Tekst ustawy przyj\u0119ty przez Senat i podpisany przez Prezydenta RP\",\"datePublished\":\"2018-01-05T15:51:15+00:00\",\"dateModified\":\"2018-01-05T15:57:56+00:00\",\"mainEntityOfPage\":{\"@id\":\"http:\\\/\\\/wkldiana.pl\\\/index.php\\\/2018\\\/01\\\/05\\\/tekst-ustawy-przyjety-przez-senat\\\/\"},\"wordCount\":980,\"articleSection\":[\"Aktualno\u015bci\"],\"inLanguage\":\"pl-PL\"},{\"@type\":\"WebPage\",\"@id\":\"http:\\\/\\\/wkldiana.pl\\\/index.php\\\/2018\\\/01\\\/05\\\/tekst-ustawy-przyjety-przez-senat\\\/\",\"url\":\"http:\\\/\\\/wkldiana.pl\\\/index.php\\\/2018\\\/01\\\/05\\\/tekst-ustawy-przyjety-przez-senat\\\/\",\"name\":\"Tekst ustawy przyj\u0119ty przez Senat i podpisany przez Prezydenta RP - Wojskowe Ko\u0142o \u0141owieckie nr 297 &quot;Diana&quot; w Gdyni\",\"isPartOf\":{\"@id\":\"https:\\\/\\\/wkldiana.pl\\\/#website\"},\"datePublished\":\"2018-01-05T15:51:15+00:00\",\"dateModified\":\"2018-01-05T15:57:56+00:00\",\"author\":{\"@id\":\"https:\\\/\\\/wkldiana.pl\\\/#\\\/schema\\\/person\\\/df0daab7010f64aede5c60ccb0e361f7\"},\"breadcrumb\":{\"@id\":\"http:\\\/\\\/wkldiana.pl\\\/index.php\\\/2018\\\/01\\\/05\\\/tekst-ustawy-przyjety-przez-senat\\\/#breadcrumb\"},\"inLanguage\":\"pl-PL\",\"potentialAction\":[{\"@type\":\"ReadAction\",\"target\":[\"http:\\\/\\\/wkldiana.pl\\\/index.php\\\/2018\\\/01\\\/05\\\/tekst-ustawy-przyjety-przez-senat\\\/\"]}]},{\"@type\":\"BreadcrumbList\",\"@id\":\"http:\\\/\\\/wkldiana.pl\\\/index.php\\\/2018\\\/01\\\/05\\\/tekst-ustawy-przyjety-przez-senat\\\/#breadcrumb\",\"itemListElement\":[{\"@type\":\"ListItem\",\"position\":1,\"name\":\"Strona g\u0142\u00f3wna\",\"item\":\"https:\\\/\\\/wkldiana.pl\\\/\"},{\"@type\":\"ListItem\",\"position\":2,\"name\":\"Tekst ustawy przyj\u0119ty przez Senat i podpisany przez Prezydenta RP\"}]},{\"@type\":\"WebSite\",\"@id\":\"https:\\\/\\\/wkldiana.pl\\\/#website\",\"url\":\"https:\\\/\\\/wkldiana.pl\\\/\",\"name\":\"Wojskowe Ko\u0142o \u0141owieckie nr 297 &quot;Diana&quot; w Gdyni\",\"description\":\"WK\u0141 nr 297 &quot;Diana&quot; w Gdyni\",\"potentialAction\":[{\"@type\":\"SearchAction\",\"target\":{\"@type\":\"EntryPoint\",\"urlTemplate\":\"https:\\\/\\\/wkldiana.pl\\\/?s={search_term_string}\"},\"query-input\":{\"@type\":\"PropertyValueSpecification\",\"valueRequired\":true,\"valueName\":\"search_term_string\"}}],\"inLanguage\":\"pl-PL\"},{\"@type\":\"Person\",\"@id\":\"https:\\\/\\\/wkldiana.pl\\\/#\\\/schema\\\/person\\\/df0daab7010f64aede5c60ccb0e361f7\",\"name\":\"\u0141ukasz Szadura\",\"image\":{\"@type\":\"ImageObject\",\"inLanguage\":\"pl-PL\",\"@id\":\"https:\\\/\\\/secure.gravatar.com\\\/avatar\\\/f23308826fc462ff94d9514b77c139386353c3e9bb4443ac7a3534d75bdbd93f?s=96&d=blank&r=g\",\"url\":\"https:\\\/\\\/secure.gravatar.com\\\/avatar\\\/f23308826fc462ff94d9514b77c139386353c3e9bb4443ac7a3534d75bdbd93f?s=96&d=blank&r=g\",\"contentUrl\":\"https:\\\/\\\/secure.gravatar.com\\\/avatar\\\/f23308826fc462ff94d9514b77c139386353c3e9bb4443ac7a3534d75bdbd93f?s=96&d=blank&r=g\",\"caption\":\"\u0141ukasz Szadura\"},\"sameAs\":[\"http:\\\/\\\/ww.wkldiana.pl\"]}]}<\/script>\n<!-- \/ Yoast SEO plugin. -->","yoast_head_json":{"title":"Tekst ustawy przyj\u0119ty przez Senat i podpisany przez Prezydenta RP - Wojskowe Ko\u0142o \u0141owieckie nr 297 &quot;Diana&quot; w Gdyni","robots":{"index":"index","follow":"follow","max-snippet":"max-snippet:-1","max-image-preview":"max-image-preview:large","max-video-preview":"max-video-preview:-1"},"canonical":"http:\/\/wkldiana.pl\/index.php\/2018\/01\/05\/tekst-ustawy-przyjety-przez-senat\/","og_locale":"pl_PL","og_type":"article","og_title":"Tekst ustawy przyj\u0119ty przez Senat i podpisany przez Prezydenta RP - Wojskowe Ko\u0142o \u0141owieckie nr 297 &quot;Diana&quot; w Gdyni","og_description":"Tekst ustawy przyj\u0119ty przez Senat bez poprawek i podpisany przez Prezydenta RP w dniu 03.01.2018 r., w cz\u0119\u015bci dotycz\u0105cej ustawy z dnia 13 pa\u017adziernika 1995 r. Prawo \u0141owieckie&nbsp; USTAWA&nbsp; z dnia 14 grudnia 2017 r. o zmianie niekt\u00f3rych ustaw w celu u\u0142atwienia zwalczania chor\u00f3b zaka\u017anych zwierz\u0105t[1])","og_url":"http:\/\/wkldiana.pl\/index.php\/2018\/01\/05\/tekst-ustawy-przyjety-przez-senat\/","og_site_name":"Wojskowe Ko\u0142o \u0141owieckie nr 297 &quot;Diana&quot; w Gdyni","article_published_time":"2018-01-05T15:51:15+00:00","article_modified_time":"2018-01-05T15:57:56+00:00","author":"\u0141ukasz Szadura","twitter_card":"summary_large_image","twitter_misc":{"Napisane przez":"\u0141ukasz Szadura","Szacowany czas czytania":"5 minut"},"schema":{"@context":"https:\/\/schema.org","@graph":[{"@type":"Article","@id":"http:\/\/wkldiana.pl\/index.php\/2018\/01\/05\/tekst-ustawy-przyjety-przez-senat\/#article","isPartOf":{"@id":"http:\/\/wkldiana.pl\/index.php\/2018\/01\/05\/tekst-ustawy-przyjety-przez-senat\/"},"author":{"name":"\u0141ukasz Szadura","@id":"https:\/\/wkldiana.pl\/#\/schema\/person\/df0daab7010f64aede5c60ccb0e361f7"},"headline":"Tekst ustawy przyj\u0119ty przez Senat i podpisany przez Prezydenta RP","datePublished":"2018-01-05T15:51:15+00:00","dateModified":"2018-01-05T15:57:56+00:00","mainEntityOfPage":{"@id":"http:\/\/wkldiana.pl\/index.php\/2018\/01\/05\/tekst-ustawy-przyjety-przez-senat\/"},"wordCount":980,"articleSection":["Aktualno\u015bci"],"inLanguage":"pl-PL"},{"@type":"WebPage","@id":"http:\/\/wkldiana.pl\/index.php\/2018\/01\/05\/tekst-ustawy-przyjety-przez-senat\/","url":"http:\/\/wkldiana.pl\/index.php\/2018\/01\/05\/tekst-ustawy-przyjety-przez-senat\/","name":"Tekst ustawy przyj\u0119ty przez Senat i podpisany przez Prezydenta RP - Wojskowe Ko\u0142o \u0141owieckie nr 297 &quot;Diana&quot; w Gdyni","isPartOf":{"@id":"https:\/\/wkldiana.pl\/#website"},"datePublished":"2018-01-05T15:51:15+00:00","dateModified":"2018-01-05T15:57:56+00:00","author":{"@id":"https:\/\/wkldiana.pl\/#\/schema\/person\/df0daab7010f64aede5c60ccb0e361f7"},"breadcrumb":{"@id":"http:\/\/wkldiana.pl\/index.php\/2018\/01\/05\/tekst-ustawy-przyjety-przez-senat\/#breadcrumb"},"inLanguage":"pl-PL","potentialAction":[{"@type":"ReadAction","target":["http:\/\/wkldiana.pl\/index.php\/2018\/01\/05\/tekst-ustawy-przyjety-przez-senat\/"]}]},{"@type":"BreadcrumbList","@id":"http:\/\/wkldiana.pl\/index.php\/2018\/01\/05\/tekst-ustawy-przyjety-przez-senat\/#breadcrumb","itemListElement":[{"@type":"ListItem","position":1,"name":"Strona g\u0142\u00f3wna","item":"https:\/\/wkldiana.pl\/"},{"@type":"ListItem","position":2,"name":"Tekst ustawy przyj\u0119ty przez Senat i podpisany przez Prezydenta RP"}]},{"@type":"WebSite","@id":"https:\/\/wkldiana.pl\/#website","url":"https:\/\/wkldiana.pl\/","name":"Wojskowe Ko\u0142o \u0141owieckie nr 297 &quot;Diana&quot; w Gdyni","description":"WK\u0141 nr 297 &quot;Diana&quot; w Gdyni","potentialAction":[{"@type":"SearchAction","target":{"@type":"EntryPoint","urlTemplate":"https:\/\/wkldiana.pl\/?s={search_term_string}"},"query-input":{"@type":"PropertyValueSpecification","valueRequired":true,"valueName":"search_term_string"}}],"inLanguage":"pl-PL"},{"@type":"Person","@id":"https:\/\/wkldiana.pl\/#\/schema\/person\/df0daab7010f64aede5c60ccb0e361f7","name":"\u0141ukasz Szadura","image":{"@type":"ImageObject","inLanguage":"pl-PL","@id":"https:\/\/secure.gravatar.com\/avatar\/f23308826fc462ff94d9514b77c139386353c3e9bb4443ac7a3534d75bdbd93f?s=96&d=blank&r=g","url":"https:\/\/secure.gravatar.com\/avatar\/f23308826fc462ff94d9514b77c139386353c3e9bb4443ac7a3534d75bdbd93f?s=96&d=blank&r=g","contentUrl":"https:\/\/secure.gravatar.com\/avatar\/f23308826fc462ff94d9514b77c139386353c3e9bb4443ac7a3534d75bdbd93f?s=96&d=blank&r=g","caption":"\u0141ukasz Szadura"},"sameAs":["http:\/\/ww.wkldiana.pl"]}]}},"_links":{"self":[{"href":"http:\/\/wkldiana.pl\/index.php\/wp-json\/wp\/v2\/posts\/1046","targetHints":{"allow":["GET"]}}],"collection":[{"href":"http:\/\/wkldiana.pl\/index.php\/wp-json\/wp\/v2\/posts"}],"about":[{"href":"http:\/\/wkldiana.pl\/index.php\/wp-json\/wp\/v2\/types\/post"}],"author":[{"embeddable":true,"href":"http:\/\/wkldiana.pl\/index.php\/wp-json\/wp\/v2\/users\/2"}],"replies":[{"embeddable":true,"href":"http:\/\/wkldiana.pl\/index.php\/wp-json\/wp\/v2\/comments?post=1046"}],"version-history":[{"count":4,"href":"http:\/\/wkldiana.pl\/index.php\/wp-json\/wp\/v2\/posts\/1046\/revisions"}],"predecessor-version":[{"id":1050,"href":"http:\/\/wkldiana.pl\/index.php\/wp-json\/wp\/v2\/posts\/1046\/revisions\/1050"}],"wp:attachment":[{"href":"http:\/\/wkldiana.pl\/index.php\/wp-json\/wp\/v2\/media?parent=1046"}],"wp:term":[{"taxonomy":"category","embeddable":true,"href":"http:\/\/wkldiana.pl\/index.php\/wp-json\/wp\/v2\/categories?post=1046"},{"taxonomy":"post_tag","embeddable":true,"href":"http:\/\/wkldiana.pl\/index.php\/wp-json\/wp\/v2\/tags?post=1046"}],"curies":[{"name":"wp","href":"https:\/\/api.w.org\/{rel}","templated":true}]}}