{"id":256,"date":"2017-12-05T09:48:04","date_gmt":"2017-12-05T08:48:04","guid":{"rendered":"http:\/\/wkldiana.pl\/?p=256"},"modified":"2017-12-10T09:56:47","modified_gmt":"2017-12-10T08:56:47","slug":"przypomnienie-dotyczace-skladek-czlonkowskich","status":"publish","type":"post","link":"http:\/\/wkldiana.pl\/index.php\/2017\/12\/05\/przypomnienie-dotyczace-skladek-czlonkowskich\/","title":{"rendered":"Przypomnienie dotycz\u0105ce sk\u0142adek cz\u0142onkowskich"},"content":{"rendered":"<p>Zarz\u0105d przypomina o uiszczeniu sk\u0142adki cz\u0142onkowskiej PZ\u0141 na 2018 rok. Sk\u0142adka pe\u0142na w kwocie 357 z\u0142, ulgowa 197 z\u0142 p\u0142atne do 12.12.2017r. na konto Ko\u0142a. <!--more-->Numer konta mo\u017cemy znale\u017a\u0107 na piecz\u0105tce nag\u0142\u00f3wkowej na upowa\u017cnieniu do wykonywania polowania, w dolnej cz\u0119\u015bci strony www olub zak\u0142adce <a href=\"http:\/\/wkldiana.pl\/index.php\/kontakt\/\">&#8222;Kontakt&#8221;<\/a>.<\/p>\n","protected":false},"excerpt":{"rendered":"<p>Zarz\u0105d przypomina o uiszczeniu sk\u0142adki cz\u0142onkowskiej PZ\u0141 na 2018 rok. Sk\u0142adka pe\u0142na w kwocie 357 z\u0142, ulgowa 197 z\u0142 p\u0142atne do 12.12.2017r. na konto Ko\u0142a.<\/p>\n","protected":false},"author":2,"featured_media":0,"comment_status":"open","ping_status":"open","sticky":false,"template":"","format":"standard","meta":{"ngg_post_thumbnail":0,"footnotes":""},"categories":[1],"tags":[],"class_list":["post-256","post","type-post","status-publish","format-standard","hentry","category-akt"],"yoast_head":"<!-- This site is optimized with the Yoast SEO plugin v27.5 - https:\/\/yoast.com\/product\/yoast-seo-wordpress\/ -->\n<title>Przypomnienie dotycz\u0105ce sk\u0142adek cz\u0142onkowskich - Wojskowe Ko\u0142o \u0141owieckie nr 297 &quot;Diana&quot; w Gdyni<\/title>\n<meta name=\"robots\" content=\"index, follow, max-snippet:-1, max-image-preview:large, max-video-preview:-1\" \/>\n<link rel=\"canonical\" href=\"http:\/\/wkldiana.pl\/index.php\/2017\/12\/05\/przypomnienie-dotyczace-skladek-czlonkowskich\/\" \/>\n<meta property=\"og:locale\" content=\"pl_PL\" \/>\n<meta property=\"og:type\" content=\"article\" \/>\n<meta property=\"og:title\" content=\"Przypomnienie dotycz\u0105ce sk\u0142adek cz\u0142onkowskich - Wojskowe Ko\u0142o \u0141owieckie nr 297 &quot;Diana&quot; w Gdyni\" \/>\n<meta property=\"og:description\" content=\"Zarz\u0105d przypomina o uiszczeniu sk\u0142adki cz\u0142onkowskiej PZ\u0141 na 2018 rok. Sk\u0142adka pe\u0142na w kwocie 357 z\u0142, ulgowa 197 z\u0142 p\u0142atne do 12.12.2017r. na konto Ko\u0142a.\" \/>\n<meta property=\"og:url\" content=\"http:\/\/wkldiana.pl\/index.php\/2017\/12\/05\/przypomnienie-dotyczace-skladek-czlonkowskich\/\" \/>\n<meta property=\"og:site_name\" content=\"Wojskowe Ko\u0142o \u0141owieckie nr 297 &quot;Diana&quot; w Gdyni\" \/>\n<meta property=\"article:published_time\" content=\"2017-12-05T08:48:04+00:00\" \/>\n<meta property=\"article:modified_time\" content=\"2017-12-10T08:56:47+00:00\" \/>\n<meta name=\"author\" content=\"\u0141ukasz Szadura\" \/>\n<meta name=\"twitter:card\" content=\"summary_large_image\" \/>\n<meta name=\"twitter:label1\" content=\"Napisane przez\" \/>\n\t<meta name=\"twitter:data1\" content=\"\u0141ukasz Szadura\" \/>\n<script type=\"application\/ld+json\" class=\"yoast-schema-graph\">{\"@context\":\"https:\\\/\\\/schema.org\",\"@graph\":[{\"@type\":\"Article\",\"@id\":\"http:\\\/\\\/wkldiana.pl\\\/index.php\\\/2017\\\/12\\\/05\\\/przypomnienie-dotyczace-skladek-czlonkowskich\\\/#article\",\"isPartOf\":{\"@id\":\"http:\\\/\\\/wkldiana.pl\\\/index.php\\\/2017\\\/12\\\/05\\\/przypomnienie-dotyczace-skladek-czlonkowskich\\\/\"},\"author\":{\"name\":\"\u0141ukasz Szadura\",\"@id\":\"http:\\\/\\\/wkldiana.pl\\\/#\\\/schema\\\/person\\\/df0daab7010f64aede5c60ccb0e361f7\"},\"headline\":\"Przypomnienie dotycz\u0105ce sk\u0142adek cz\u0142onkowskich\",\"datePublished\":\"2017-12-05T08:48:04+00:00\",\"dateModified\":\"2017-12-10T08:56:47+00:00\",\"mainEntityOfPage\":{\"@id\":\"http:\\\/\\\/wkldiana.pl\\\/index.php\\\/2017\\\/12\\\/05\\\/przypomnienie-dotyczace-skladek-czlonkowskich\\\/\"},\"wordCount\":62,\"commentCount\":0,\"articleSection\":[\"Aktualno\u015bci\"],\"inLanguage\":\"pl-PL\"},{\"@type\":\"WebPage\",\"@id\":\"http:\\\/\\\/wkldiana.pl\\\/index.php\\\/2017\\\/12\\\/05\\\/przypomnienie-dotyczace-skladek-czlonkowskich\\\/\",\"url\":\"http:\\\/\\\/wkldiana.pl\\\/index.php\\\/2017\\\/12\\\/05\\\/przypomnienie-dotyczace-skladek-czlonkowskich\\\/\",\"name\":\"Przypomnienie dotycz\u0105ce sk\u0142adek cz\u0142onkowskich - Wojskowe Ko\u0142o \u0141owieckie nr 297 &quot;Diana&quot; w Gdyni\",\"isPartOf\":{\"@id\":\"http:\\\/\\\/wkldiana.pl\\\/#website\"},\"datePublished\":\"2017-12-05T08:48:04+00:00\",\"dateModified\":\"2017-12-10T08:56:47+00:00\",\"author\":{\"@id\":\"http:\\\/\\\/wkldiana.pl\\\/#\\\/schema\\\/person\\\/df0daab7010f64aede5c60ccb0e361f7\"},\"breadcrumb\":{\"@id\":\"http:\\\/\\\/wkldiana.pl\\\/index.php\\\/2017\\\/12\\\/05\\\/przypomnienie-dotyczace-skladek-czlonkowskich\\\/#breadcrumb\"},\"inLanguage\":\"pl-PL\",\"potentialAction\":[{\"@type\":\"ReadAction\",\"target\":[\"http:\\\/\\\/wkldiana.pl\\\/index.php\\\/2017\\\/12\\\/05\\\/przypomnienie-dotyczace-skladek-czlonkowskich\\\/\"]}]},{\"@type\":\"BreadcrumbList\",\"@id\":\"http:\\\/\\\/wkldiana.pl\\\/index.php\\\/2017\\\/12\\\/05\\\/przypomnienie-dotyczace-skladek-czlonkowskich\\\/#breadcrumb\",\"itemListElement\":[{\"@type\":\"ListItem\",\"position\":1,\"name\":\"Strona g\u0142\u00f3wna\",\"item\":\"http:\\\/\\\/wkldiana.pl\\\/\"},{\"@type\":\"ListItem\",\"position\":2,\"name\":\"Przypomnienie dotycz\u0105ce sk\u0142adek cz\u0142onkowskich\"}]},{\"@type\":\"WebSite\",\"@id\":\"http:\\\/\\\/wkldiana.pl\\\/#website\",\"url\":\"http:\\\/\\\/wkldiana.pl\\\/\",\"name\":\"Wojskowe Ko\u0142o \u0141owieckie nr 297 &quot;Diana&quot; w Gdyni\",\"description\":\"WK\u0141 nr 297 &quot;Diana&quot; w Gdyni\",\"potentialAction\":[{\"@type\":\"SearchAction\",\"target\":{\"@type\":\"EntryPoint\",\"urlTemplate\":\"http:\\\/\\\/wkldiana.pl\\\/?s={search_term_string}\"},\"query-input\":{\"@type\":\"PropertyValueSpecification\",\"valueRequired\":true,\"valueName\":\"search_term_string\"}}],\"inLanguage\":\"pl-PL\"},{\"@type\":\"Person\",\"@id\":\"http:\\\/\\\/wkldiana.pl\\\/#\\\/schema\\\/person\\\/df0daab7010f64aede5c60ccb0e361f7\",\"name\":\"\u0141ukasz Szadura\",\"image\":{\"@type\":\"ImageObject\",\"inLanguage\":\"pl-PL\",\"@id\":\"https:\\\/\\\/secure.gravatar.com\\\/avatar\\\/f23308826fc462ff94d9514b77c139386353c3e9bb4443ac7a3534d75bdbd93f?s=96&d=blank&r=g\",\"url\":\"https:\\\/\\\/secure.gravatar.com\\\/avatar\\\/f23308826fc462ff94d9514b77c139386353c3e9bb4443ac7a3534d75bdbd93f?s=96&d=blank&r=g\",\"contentUrl\":\"https:\\\/\\\/secure.gravatar.com\\\/avatar\\\/f23308826fc462ff94d9514b77c139386353c3e9bb4443ac7a3534d75bdbd93f?s=96&d=blank&r=g\",\"caption\":\"\u0141ukasz Szadura\"},\"sameAs\":[\"http:\\\/\\\/ww.wkldiana.pl\"]}]}<\/script>\n<!-- \/ Yoast SEO plugin. -->","yoast_head_json":{"title":"Przypomnienie dotycz\u0105ce sk\u0142adek cz\u0142onkowskich - Wojskowe Ko\u0142o \u0141owieckie nr 297 &quot;Diana&quot; w Gdyni","robots":{"index":"index","follow":"follow","max-snippet":"max-snippet:-1","max-image-preview":"max-image-preview:large","max-video-preview":"max-video-preview:-1"},"canonical":"http:\/\/wkldiana.pl\/index.php\/2017\/12\/05\/przypomnienie-dotyczace-skladek-czlonkowskich\/","og_locale":"pl_PL","og_type":"article","og_title":"Przypomnienie dotycz\u0105ce sk\u0142adek cz\u0142onkowskich - Wojskowe Ko\u0142o \u0141owieckie nr 297 &quot;Diana&quot; w Gdyni","og_description":"Zarz\u0105d przypomina o uiszczeniu sk\u0142adki cz\u0142onkowskiej PZ\u0141 na 2018 rok. Sk\u0142adka pe\u0142na w kwocie 357 z\u0142, ulgowa 197 z\u0142 p\u0142atne do 12.12.2017r. na konto Ko\u0142a.","og_url":"http:\/\/wkldiana.pl\/index.php\/2017\/12\/05\/przypomnienie-dotyczace-skladek-czlonkowskich\/","og_site_name":"Wojskowe Ko\u0142o \u0141owieckie nr 297 &quot;Diana&quot; w Gdyni","article_published_time":"2017-12-05T08:48:04+00:00","article_modified_time":"2017-12-10T08:56:47+00:00","author":"\u0141ukasz Szadura","twitter_card":"summary_large_image","twitter_misc":{"Napisane przez":"\u0141ukasz Szadura"},"schema":{"@context":"https:\/\/schema.org","@graph":[{"@type":"Article","@id":"http:\/\/wkldiana.pl\/index.php\/2017\/12\/05\/przypomnienie-dotyczace-skladek-czlonkowskich\/#article","isPartOf":{"@id":"http:\/\/wkldiana.pl\/index.php\/2017\/12\/05\/przypomnienie-dotyczace-skladek-czlonkowskich\/"},"author":{"name":"\u0141ukasz Szadura","@id":"http:\/\/wkldiana.pl\/#\/schema\/person\/df0daab7010f64aede5c60ccb0e361f7"},"headline":"Przypomnienie dotycz\u0105ce sk\u0142adek cz\u0142onkowskich","datePublished":"2017-12-05T08:48:04+00:00","dateModified":"2017-12-10T08:56:47+00:00","mainEntityOfPage":{"@id":"http:\/\/wkldiana.pl\/index.php\/2017\/12\/05\/przypomnienie-dotyczace-skladek-czlonkowskich\/"},"wordCount":62,"commentCount":0,"articleSection":["Aktualno\u015bci"],"inLanguage":"pl-PL"},{"@type":"WebPage","@id":"http:\/\/wkldiana.pl\/index.php\/2017\/12\/05\/przypomnienie-dotyczace-skladek-czlonkowskich\/","url":"http:\/\/wkldiana.pl\/index.php\/2017\/12\/05\/przypomnienie-dotyczace-skladek-czlonkowskich\/","name":"Przypomnienie dotycz\u0105ce sk\u0142adek cz\u0142onkowskich - Wojskowe Ko\u0142o \u0141owieckie nr 297 &quot;Diana&quot; w Gdyni","isPartOf":{"@id":"http:\/\/wkldiana.pl\/#website"},"datePublished":"2017-12-05T08:48:04+00:00","dateModified":"2017-12-10T08:56:47+00:00","author":{"@id":"http:\/\/wkldiana.pl\/#\/schema\/person\/df0daab7010f64aede5c60ccb0e361f7"},"breadcrumb":{"@id":"http:\/\/wkldiana.pl\/index.php\/2017\/12\/05\/przypomnienie-dotyczace-skladek-czlonkowskich\/#breadcrumb"},"inLanguage":"pl-PL","potentialAction":[{"@type":"ReadAction","target":["http:\/\/wkldiana.pl\/index.php\/2017\/12\/05\/przypomnienie-dotyczace-skladek-czlonkowskich\/"]}]},{"@type":"BreadcrumbList","@id":"http:\/\/wkldiana.pl\/index.php\/2017\/12\/05\/przypomnienie-dotyczace-skladek-czlonkowskich\/#breadcrumb","itemListElement":[{"@type":"ListItem","position":1,"name":"Strona g\u0142\u00f3wna","item":"http:\/\/wkldiana.pl\/"},{"@type":"ListItem","position":2,"name":"Przypomnienie dotycz\u0105ce sk\u0142adek cz\u0142onkowskich"}]},{"@type":"WebSite","@id":"http:\/\/wkldiana.pl\/#website","url":"http:\/\/wkldiana.pl\/","name":"Wojskowe Ko\u0142o \u0141owieckie nr 297 &quot;Diana&quot; w Gdyni","description":"WK\u0141 nr 297 &quot;Diana&quot; w Gdyni","potentialAction":[{"@type":"SearchAction","target":{"@type":"EntryPoint","urlTemplate":"http:\/\/wkldiana.pl\/?s={search_term_string}"},"query-input":{"@type":"PropertyValueSpecification","valueRequired":true,"valueName":"search_term_string"}}],"inLanguage":"pl-PL"},{"@type":"Person","@id":"http:\/\/wkldiana.pl\/#\/schema\/person\/df0daab7010f64aede5c60ccb0e361f7","name":"\u0141ukasz Szadura","image":{"@type":"ImageObject","inLanguage":"pl-PL","@id":"https:\/\/secure.gravatar.com\/avatar\/f23308826fc462ff94d9514b77c139386353c3e9bb4443ac7a3534d75bdbd93f?s=96&d=blank&r=g","url":"https:\/\/secure.gravatar.com\/avatar\/f23308826fc462ff94d9514b77c139386353c3e9bb4443ac7a3534d75bdbd93f?s=96&d=blank&r=g","contentUrl":"https:\/\/secure.gravatar.com\/avatar\/f23308826fc462ff94d9514b77c139386353c3e9bb4443ac7a3534d75bdbd93f?s=96&d=blank&r=g","caption":"\u0141ukasz Szadura"},"sameAs":["http:\/\/ww.wkldiana.pl"]}]}},"_links":{"self":[{"href":"http:\/\/wkldiana.pl\/index.php\/wp-json\/wp\/v2\/posts\/256","targetHints":{"allow":["GET"]}}],"collection":[{"href":"http:\/\/wkldiana.pl\/index.php\/wp-json\/wp\/v2\/posts"}],"about":[{"href":"http:\/\/wkldiana.pl\/index.php\/wp-json\/wp\/v2\/types\/post"}],"author":[{"embeddable":true,"href":"http:\/\/wkldiana.pl\/index.php\/wp-json\/wp\/v2\/users\/2"}],"replies":[{"embeddable":true,"href":"http:\/\/wkldiana.pl\/index.php\/wp-json\/wp\/v2\/comments?post=256"}],"version-history":[{"count":3,"href":"http:\/\/wkldiana.pl\/index.php\/wp-json\/wp\/v2\/posts\/256\/revisions"}],"predecessor-version":[{"id":261,"href":"http:\/\/wkldiana.pl\/index.php\/wp-json\/wp\/v2\/posts\/256\/revisions\/261"}],"wp:attachment":[{"href":"http:\/\/wkldiana.pl\/index.php\/wp-json\/wp\/v2\/media?parent=256"}],"wp:term":[{"taxonomy":"category","embeddable":true,"href":"http:\/\/wkldiana.pl\/index.php\/wp-json\/wp\/v2\/categories?post=256"},{"taxonomy":"post_tag","embeddable":true,"href":"http:\/\/wkldiana.pl\/index.php\/wp-json\/wp\/v2\/tags?post=256"}],"curies":[{"name":"wp","href":"https:\/\/api.w.org\/{rel}","templated":true}]}}